{"id":612,"date":"2025-01-01T16:11:42","date_gmt":"2025-01-01T15:11:42","guid":{"rendered":"https:\/\/prvnirada.cz\/?p=612"},"modified":"2025-01-01T16:12:52","modified_gmt":"2025-01-01T15:12:52","slug":"hello-welcome-nove-na-kviff-tv","status":"publish","type":"post","link":"https:\/\/prvnirada.cz\/en\/2025\/01\/01\/hello-welcome-nove-na-kviff-tv\/","title":{"rendered":"Hello, Welcome now on KVIFF.TV"},"content":{"rendered":"<p class=\"translation-block\">\u0160imon Hol\u00fd's film <a href=\"https:\/\/prvnirada.cz\/en\/hello-welcome\/\" data-type=\"page\" data-id=\"77\" target=\"_self\">Hello, Welcome<\/a>, which opened the Letn\u00ed filmov\u00e1 \u0161kola Uhersk\u00e9 Hradi\u0161t\u011b film festival in its world premiere, is now available for viewing on <a href=\"https:\/\/kviff.tv\/katalog\/hello-welcome\" data-type=\"link\" data-id=\"https:\/\/kviff.tv\/katalog\/hello-welcome\" target=\"_self\">KVIFF.TV<\/a>.<\/p>\n\n\n\n<p><\/p>","protected":false},"excerpt":{"rendered":"<p class=\"translation-block\">\u0160imon Hol\u00fd's film <a href=\"https:\/\/prvnirada.cz\/en\/hello-welcome\/\" data-type=\"page\" data-id=\"77\" target=\"_self\">Hello, Welcome<\/a>, which opened the Letn\u00ed filmov\u00e1 \u0161kola Uhersk\u00e9 Hradi\u0161t\u011b film festival in its world premiere, is now available for viewing on <a href=\"https:\/\/kviff.tv\/katalog\/hello-welcome\" data-type=\"link\" data-id=\"https:\/\/kviff.tv\/katalog\/hello-welcome\" target=\"_self\">KVIFF.TV<\/a>.<\/p>","protected":false},"author":1,"featured_media":613,"comment_status":"closed","ping_status":"","sticky":false,"template":"","format":"standard","meta":{"footnotes":""},"categories":[5],"tags":[],"class_list":["post-612","post","type-post","status-publish","format-standard","has-post-thumbnail","hentry","category-hello-welcome"],"featured_image_src":"https:\/\/prvnirada.cz\/wp-content\/uploads\/2025\/01\/hwkvifftv.png","author_info":{"display_name":"Filmarstvo","author_link":"https:\/\/prvnirada.cz\/en\/author\/filmarstvo\/"},"_links":{"self":[{"href":"https:\/\/prvnirada.cz\/en\/wp-json\/wp\/v2\/posts\/612","targetHints":{"allow":["GET"]}}],"collection":[{"href":"https:\/\/prvnirada.cz\/en\/wp-json\/wp\/v2\/posts"}],"about":[{"href":"https:\/\/prvnirada.cz\/en\/wp-json\/wp\/v2\/types\/post"}],"author":[{"embeddable":true,"href":"https:\/\/prvnirada.cz\/en\/wp-json\/wp\/v2\/users\/1"}],"replies":[{"embeddable":true,"href":"https:\/\/prvnirada.cz\/en\/wp-json\/wp\/v2\/comments?post=612"}],"version-history":[{"count":3,"href":"https:\/\/prvnirada.cz\/en\/wp-json\/wp\/v2\/posts\/612\/revisions"}],"predecessor-version":[{"id":639,"href":"https:\/\/prvnirada.cz\/en\/wp-json\/wp\/v2\/posts\/612\/revisions\/639"}],"wp:featuredmedia":[{"embeddable":true,"href":"https:\/\/prvnirada.cz\/en\/wp-json\/wp\/v2\/media\/613"}],"wp:attachment":[{"href":"https:\/\/prvnirada.cz\/en\/wp-json\/wp\/v2\/media?parent=612"}],"wp:term":[{"taxonomy":"category","embeddable":true,"href":"https:\/\/prvnirada.cz\/en\/wp-json\/wp\/v2\/categories?post=612"},{"taxonomy":"post_tag","embeddable":true,"href":"https:\/\/prvnirada.cz\/en\/wp-json\/wp\/v2\/tags?post=612"}],"curies":[{"name":"wp","href":"https:\/\/api.w.org\/{rel}","templated":true}]}}