{"id":1,"date":"2024-02-12T14:49:34","date_gmt":"2024-02-12T13:49:34","guid":{"rendered":"https:\/\/prvnirada.cz\/?p=1"},"modified":"2024-07-12T21:44:27","modified_gmt":"2024-07-12T19:44:27","slug":"nove-prvni-rada","status":"publish","type":"post","link":"https:\/\/prvnirada.cz\/en\/2024\/02\/12\/nove-prvni-rada\/","title":{"rendered":"\u0161\u0161\u0161\u0161\u0161Film is now Prvn\u00ed \u0159ada"},"content":{"rendered":"<p>Production company \u0161\u0161\u0161\u0161\u0161Film is newly Prvn\u00ed \u0159ada (The First Row). The name change reflects the new stage of the company, which was founded in February 2021 in Hudlice by director, producer, screenwriter and composer \u0160imon Hol\u00fd.<\/p>\n\n\n\n<p>\u201e<em>We founded \u0161\u0161\u0161\u0161\u0161Film during the making of my directorial debut Mirrors in the Dark. With a huge effort from the crew and a minimal budget, we managed to make not only Mirrors in the Dark, but also And Then There Was Love... in the first two years. During the production of these films we gained valuable experience, which we now want to capitalize on and expand our activities. Our goal is to support talented filmmakers who come up with innovative, topical and interesting themes. For me, the new name Prvn\u00ed \u0159ada reflects this as well.\" <\/em>says \u0160imon Hol\u00fd.<\/p>\n\n\n\n<p class=\"translation-block\">New additions to the Prvn\u00ed \u0159ada team include Anna L\u00edsalov\u00e1 and Kate\u0159ina Dvo\u0159\u00e1kov\u00e1, film professionals with many years of experience in the film industry. Anna L\u00edsalov\u00e1, a graduate of the Production Department at FAMU, has worked on successful student films by Michal Hogenauer (<em>Tambylles, 2011<\/em>), Tom\u00e1\u0161 Klein (<em>Retriever, 2014<\/em>) and Jan \u0160\u00edpek (<em>Buttons of Vigilance, 2016<\/em>).  At Aerofilms, she worked as a senior programmer and coordinated several projects focused on working with audiences. She also collaborates with Aerofilms on the production of her own content (<em>Peculiarity of Fisherman's Soul, The President<\/em>) and is the head of the Prague cinema P\u0159\u00edtomnost. At Prvn\u00ed \u0159ada, she is currently developing Sara Venclovsk\u00e1's directorial debut. \"I don't normally seek out first rows in the cinema. I always sit gently on the sidelines, so I'm very excited to see where this 'transfer' takes me. Hopefully to fresh projects that will be a joy to work on.\"<\/p>\n\n\n\n<p class=\"translation-block\">Kate\u0159ina Dvo\u0159\u00e1kov\u00e1 worked for seven years at the distribution company Aerofilms, where she was responsible for PR and marketing campaigns for films. She was a programmer at Mezipatra festival and worked as a production manager for the post-production studio PFX. She is currently working with the Karlovy Vary IFF, where she is in charge of International PR. At Prvn\u00ed \u0159ada she is involved in the development of the film by screenwriter Elizaveta Nagibina and director Pavel Nosek Scars. \"<em>Until now, Prvn\u00ed \u0159ada (the first row) for me has mainly meant a favourite place in the cinema: as close to the screen as possible. At Prvn\u00ed \u0159ada, I want to work on projects that pulse with life and tell stories about things that are essential to the filmmakers. Whether because they involve big social issues or because they tell an intimate story close to their hearts,<\/em>\" says Dvo\u0159\u00e1kov\u00e1.<\/p>\n\n\n\n<p>The logo was designed by graphic designer Jakub Pol\u00e1ch, who has already contributed to the visuals of And Then There Was Love...<\/p>","protected":false},"excerpt":{"rendered":"<p>Produk\u010dn\u00ed spole\u010dnost \u0161\u0161\u0161\u0161\u0161Film je nov\u011b Prvn\u00ed \u0159ada. Zm\u011bna n\u00e1zvu reflektuje novou etapu spole\u010dnosti, kterou v \u00fanoru 2021 zalo\u017eil v Hudlic\u00edch re\u017eis\u00e9r, producent, scen\u00e1rista a hudebn\u00ed skladatel \u0160imon Hol\u00fd. \u201eSpole\u010dnost \u0161\u0161\u0161\u0161\u0161Film jsme zakl\u00e1dali p\u0159i tvorb\u011b m\u00e9ho re\u017eijn\u00edho debutu Zrcadla ve tm\u011b. S obrovsk\u00fdm nasazen\u00edm \u0161t\u00e1bu a minim\u00e1ln\u00edm rozpo\u010dtem se n\u00e1m b\u011bhem prvn\u00edch dvou let poda\u0159ilo nato\u010dit [&hellip;]<\/p>","protected":false},"author":1,"featured_media":343,"comment_status":"closed","ping_status":"closed","sticky":false,"template":"","format":"standard","meta":{"footnotes":""},"categories":[9],"tags":[],"class_list":["post-1","post","type-post","status-publish","format-standard","has-post-thumbnail","hentry","category-prvni-rada"],"featured_image_src":"https:\/\/prvnirada.cz\/wp-content\/uploads\/2024\/02\/MAIN_WB-scaled-e1720550535735.jpg","author_info":{"display_name":"Filmarstvo","author_link":"https:\/\/prvnirada.cz\/en\/author\/filmarstvo\/"},"_links":{"self":[{"href":"https:\/\/prvnirada.cz\/en\/wp-json\/wp\/v2\/posts\/1","targetHints":{"allow":["GET"]}}],"collection":[{"href":"https:\/\/prvnirada.cz\/en\/wp-json\/wp\/v2\/posts"}],"about":[{"href":"https:\/\/prvnirada.cz\/en\/wp-json\/wp\/v2\/types\/post"}],"author":[{"embeddable":true,"href":"https:\/\/prvnirada.cz\/en\/wp-json\/wp\/v2\/users\/1"}],"replies":[{"embeddable":true,"href":"https:\/\/prvnirada.cz\/en\/wp-json\/wp\/v2\/comments?post=1"}],"version-history":[{"count":6,"href":"https:\/\/prvnirada.cz\/en\/wp-json\/wp\/v2\/posts\/1\/revisions"}],"predecessor-version":[{"id":379,"href":"https:\/\/prvnirada.cz\/en\/wp-json\/wp\/v2\/posts\/1\/revisions\/379"}],"wp:featuredmedia":[{"embeddable":true,"href":"https:\/\/prvnirada.cz\/en\/wp-json\/wp\/v2\/media\/343"}],"wp:attachment":[{"href":"https:\/\/prvnirada.cz\/en\/wp-json\/wp\/v2\/media?parent=1"}],"wp:term":[{"taxonomy":"category","embeddable":true,"href":"https:\/\/prvnirada.cz\/en\/wp-json\/wp\/v2\/categories?post=1"},{"taxonomy":"post_tag","embeddable":true,"href":"https:\/\/prvnirada.cz\/en\/wp-json\/wp\/v2\/tags?post=1"}],"curies":[{"name":"wp","href":"https:\/\/api.w.org\/{rel}","templated":true}]}}